{"id":4807,"date":"2025-09-24T14:42:31","date_gmt":"2025-09-24T12:42:31","guid":{"rendered":"https:\/\/www.nahetv.de\/?p=4807"},"modified":"2025-09-24T14:42:33","modified_gmt":"2025-09-24T12:42:33","slug":"vereins-feierabendmarkt-2025","status":"publish","type":"post","link":"https:\/\/www.nahetv.de\/?p=4807","title":{"rendered":"Vereins-Feierabendmarkt 2025"},"content":{"rendered":"\n<figure class=\"wp-block-embed is-type-video is-provider-youtube wp-block-embed-youtube wp-embed-aspect-16-9 wp-has-aspect-ratio\"><div class=\"wp-block-embed__wrapper\">\n<div class=\"epyt-video-wrapper\"><iframe loading=\"lazy\"  id=\"_ytid_81183\"  width=\"480\" height=\"270\"  data-origwidth=\"480\" data-origheight=\"270\"  data-relstop=\"1\" src=\"https:\/\/www.youtube.com\/embed\/dDKnVisZG0s?enablejsapi=1&#038;autoplay=0&#038;cc_load_policy=0&#038;cc_lang_pref=&#038;iv_load_policy=1&#038;loop=0&#038;rel=0&#038;fs=1&#038;playsinline=0&#038;autohide=2&#038;theme=dark&#038;color=red&#038;controls=1&#038;disablekb=0&#038;\" class=\"__youtube_prefs__  epyt-is-override  no-lazyload\" title=\"YouTube player\"  allow=\"fullscreen; accelerometer; autoplay; clipboard-write; encrypted-media; gyroscope; picture-in-picture; web-share\" referrerpolicy=\"strict-origin-when-cross-origin\" allowfullscreen data-no-lazy=\"1\" data-skipgform_ajax_framebjll=\"\"><\/iframe><\/div>\n<\/div><figcaption class=\"wp-element-caption\">\u201eMal Sonne, mal Regen \u2013 aber die Stimmung? Immer bestens!&#8220; Beim Vereins-Feierabendmarkt auf dem Kornmarkt in Bad Kreuznach war wieder richtig was los. Zahlreiche Vereine stellten sich vor. Es gab Musik, Leckereien \u2013 und nat\u00fcrlich die beliebten Weinst\u00e4nde, an denen man sich ein Gl\u00e4schen g\u00f6nnen und den Feierabend so richtig genie\u00dfen konnte. Wir haben uns f\u00fcr Sie ins bunte Markttreiben gest\u00fcrzt.<\/figcaption><\/figure>\n","protected":false},"excerpt":{"rendered":"","protected":false},"author":4,"featured_media":4808,"comment_status":"open","ping_status":"open","sticky":false,"template":"","format":"standard","meta":{"saved_in_kubio":false,"_EventAllDay":false,"_EventTimezone":"","_EventStartDate":"","_EventEndDate":"","_EventStartDateUTC":"","_EventEndDateUTC":"","_EventShowMap":false,"_EventShowMapLink":false,"_EventURL":"","_EventCost":"","_EventCostDescription":"","_EventCurrencySymbol":"","_EventCurrencyCode":"","_EventCurrencyPosition":"","_EventDateTimeSeparator":"","_EventTimeRangeSeparator":"","_EventOrganizerID":[],"_EventVenueID":[],"_OrganizerEmail":"","_OrganizerPhone":"","_OrganizerWebsite":"","_VenueAddress":"","_VenueCity":"","_VenueCountry":"","_VenueProvince":"","_VenueState":"","_VenueZip":"","_VenuePhone":"","_VenueURL":"","_VenueStateProvince":"","_VenueLat":"","_VenueLng":"","_VenueShowMap":false,"_VenueShowMapLink":false,"footnotes":""},"categories":[62],"tags":[],"class_list":["post-4807","post","type-post","status-publish","format-standard","has-post-thumbnail","hentry","category-mediathek"],"_links":{"self":[{"href":"https:\/\/www.nahetv.de\/index.php?rest_route=\/wp\/v2\/posts\/4807","targetHints":{"allow":["GET"]}}],"collection":[{"href":"https:\/\/www.nahetv.de\/index.php?rest_route=\/wp\/v2\/posts"}],"about":[{"href":"https:\/\/www.nahetv.de\/index.php?rest_route=\/wp\/v2\/types\/post"}],"author":[{"embeddable":true,"href":"https:\/\/www.nahetv.de\/index.php?rest_route=\/wp\/v2\/users\/4"}],"replies":[{"embeddable":true,"href":"https:\/\/www.nahetv.de\/index.php?rest_route=%2Fwp%2Fv2%2Fcomments&post=4807"}],"version-history":[{"count":1,"href":"https:\/\/www.nahetv.de\/index.php?rest_route=\/wp\/v2\/posts\/4807\/revisions"}],"predecessor-version":[{"id":4809,"href":"https:\/\/www.nahetv.de\/index.php?rest_route=\/wp\/v2\/posts\/4807\/revisions\/4809"}],"wp:featuredmedia":[{"embeddable":true,"href":"https:\/\/www.nahetv.de\/index.php?rest_route=\/wp\/v2\/media\/4808"}],"wp:attachment":[{"href":"https:\/\/www.nahetv.de\/index.php?rest_route=%2Fwp%2Fv2%2Fmedia&parent=4807"}],"wp:term":[{"taxonomy":"category","embeddable":true,"href":"https:\/\/www.nahetv.de\/index.php?rest_route=%2Fwp%2Fv2%2Fcategories&post=4807"},{"taxonomy":"post_tag","embeddable":true,"href":"https:\/\/www.nahetv.de\/index.php?rest_route=%2Fwp%2Fv2%2Ftags&post=4807"}],"curies":[{"name":"wp","href":"https:\/\/api.w.org\/{rel}","templated":true}]}}