{"id":4542,"date":"2023-11-07T02:32:22","date_gmt":"2023-11-07T01:32:22","guid":{"rendered":"https:\/\/www.nahetv.de\/?p=4542"},"modified":"2023-11-07T02:32:22","modified_gmt":"2023-11-07T01:32:22","slug":"bad-kreuznach-wie-es-frueher-war","status":"publish","type":"post","link":"https:\/\/www.nahetv.de\/?p=4542","title":{"rendered":"Bad Kreuznach wie es fr\u00fcher war"},"content":{"rendered":"\n<figure class=\"wp-block-embed is-type-video is-provider-youtube wp-block-embed-youtube wp-embed-aspect-16-9 wp-has-aspect-ratio\"><div class=\"wp-block-embed__wrapper\">\n<div class=\"epyt-video-wrapper\"><iframe loading=\"lazy\"  id=\"_ytid_76609\"  width=\"480\" height=\"270\"  data-origwidth=\"480\" data-origheight=\"270\"  data-relstop=\"1\" src=\"https:\/\/www.youtube.com\/embed\/wbTpxiZ3kFY?enablejsapi=1&#038;autoplay=0&#038;cc_load_policy=0&#038;cc_lang_pref=&#038;iv_load_policy=1&#038;loop=0&#038;rel=0&#038;fs=1&#038;playsinline=0&#038;autohide=2&#038;theme=dark&#038;color=red&#038;controls=1&#038;disablekb=0&#038;\" class=\"__youtube_prefs__  epyt-is-override  no-lazyload\" title=\"YouTube player\"  allow=\"fullscreen; accelerometer; autoplay; clipboard-write; encrypted-media; gyroscope; picture-in-picture; web-share\" referrerpolicy=\"strict-origin-when-cross-origin\" allowfullscreen data-no-lazy=\"1\" data-skipgform_ajax_framebjll=\"\"><\/iframe><\/div>\n<\/div><figcaption class=\"wp-element-caption\">&#8211; Pilotsendung &#8211; Mit dieser Sendung wollen wir unsere Serie &#8222;Kreuznach wie es fr\u00fcher war&#8220; beginnen. Mit vielen Bildern und Anekdoten werden Sie von Dirk Hofmann und Ernst J\u00fcrgen Huth durch alle Folgen begleitet. Lehnen Sie sich zur\u00fcck und genie\u00dfen Sie mit uns die Reise in l\u00e4ngst vergangene Zeiten.<\/figcaption><\/figure>\n","protected":false},"excerpt":{"rendered":"","protected":false},"author":4,"featured_media":4543,"comment_status":"open","ping_status":"open","sticky":false,"template":"","format":"standard","meta":{"saved_in_kubio":false,"_EventAllDay":false,"_EventTimezone":"","_EventStartDate":"","_EventEndDate":"","_EventStartDateUTC":"","_EventEndDateUTC":"","_EventShowMap":false,"_EventShowMapLink":false,"_EventURL":"","_EventCost":"","_EventCostDescription":"","_EventCurrencySymbol":"","_EventCurrencyCode":"","_EventCurrencyPosition":"","_EventDateTimeSeparator":"","_EventTimeRangeSeparator":"","_EventOrganizerID":[],"_EventVenueID":[],"_OrganizerEmail":"","_OrganizerPhone":"","_OrganizerWebsite":"","_VenueAddress":"","_VenueCity":"","_VenueCountry":"","_VenueProvince":"","_VenueState":"","_VenueZip":"","_VenuePhone":"","_VenueURL":"","_VenueStateProvince":"","_VenueLat":"","_VenueLng":"","_VenueShowMap":false,"_VenueShowMapLink":false,"footnotes":""},"categories":[62],"tags":[],"class_list":["post-4542","post","type-post","status-publish","format-standard","has-post-thumbnail","hentry","category-mediathek"],"_links":{"self":[{"href":"https:\/\/www.nahetv.de\/index.php?rest_route=\/wp\/v2\/posts\/4542","targetHints":{"allow":["GET"]}}],"collection":[{"href":"https:\/\/www.nahetv.de\/index.php?rest_route=\/wp\/v2\/posts"}],"about":[{"href":"https:\/\/www.nahetv.de\/index.php?rest_route=\/wp\/v2\/types\/post"}],"author":[{"embeddable":true,"href":"https:\/\/www.nahetv.de\/index.php?rest_route=\/wp\/v2\/users\/4"}],"replies":[{"embeddable":true,"href":"https:\/\/www.nahetv.de\/index.php?rest_route=%2Fwp%2Fv2%2Fcomments&post=4542"}],"version-history":[{"count":1,"href":"https:\/\/www.nahetv.de\/index.php?rest_route=\/wp\/v2\/posts\/4542\/revisions"}],"predecessor-version":[{"id":4544,"href":"https:\/\/www.nahetv.de\/index.php?rest_route=\/wp\/v2\/posts\/4542\/revisions\/4544"}],"wp:featuredmedia":[{"embeddable":true,"href":"https:\/\/www.nahetv.de\/index.php?rest_route=\/wp\/v2\/media\/4543"}],"wp:attachment":[{"href":"https:\/\/www.nahetv.de\/index.php?rest_route=%2Fwp%2Fv2%2Fmedia&parent=4542"}],"wp:term":[{"taxonomy":"category","embeddable":true,"href":"https:\/\/www.nahetv.de\/index.php?rest_route=%2Fwp%2Fv2%2Fcategories&post=4542"},{"taxonomy":"post_tag","embeddable":true,"href":"https:\/\/www.nahetv.de\/index.php?rest_route=%2Fwp%2Fv2%2Ftags&post=4542"}],"curies":[{"name":"wp","href":"https:\/\/api.w.org\/{rel}","templated":true}]}}